{"id":1519,"date":"2026-05-02T15:55:28","date_gmt":"2026-05-02T15:55:28","guid":{"rendered":"https:\/\/regenebike.com\/es\/?p=1519"},"modified":"2026-05-02T16:35:10","modified_gmt":"2026-05-02T16:35:10","slug":"coolcation-cuando-escapar-del-calor-se-convierte-en-accion-climatica","status":"publish","type":"post","link":"https:\/\/regenebike.com\/en\/coolcation-cuando-escapar-del-calor-se-convierte-en-accion-climatica\/","title":{"rendered":"Coolcation: When escaping the heat becomes climate action"},"content":{"rendered":"<p><script type=\"application\/ld+json\"><br \/>\n{<br \/>\n  \"@context\": \"https:\/\/schema.org\",<br \/>\n  \"@type\": \"Article\",<br \/>\n  \"headline\": \"Coolcation: Cuando escapar del calor se convierte en acci\u00f3n clim\u00e1tica\",<br \/>\n  \"description\": \"El verano de 2023 dej\u00f3 una marca indeleble: r\u00e9cords de temperatura pulverizados, sequ\u00edas extremas y la sensaci\u00f3n palpable de que el cambio clim\u00e1tico ya no es una amenaza lejana, sino una realidad...\",<br \/>\n  \"url\": \"https:\/\/regenebike.com\/coolcation-cuando-escapar-del-calor-se-convierte-en-accion-climatica\/\",<br \/>\n  \"inLanguage\": \"es-ES\",<br \/>\n  \"datePublished\": \"2026-04-30T04:10:38+00:00\",<br \/>\n  \"dateModified\": \"2026-04-30T04:10:38+00:00\",<br \/>\n  \"author\": {<br \/>\n    \"@type\": \"Organization\",<br \/>\n    \"name\": \"RegenEbike\",<br \/>\n    \"url\": \"https:\/\/regenebike.com\",<br \/>\n    \"logo\": {<br \/>\n      \"@type\": \"ImageObject\",<br \/>\n      \"url\": \"https:\/\/regenebike.com\/wp-content\/uploads\/2025\/10\/ReB_favicon-resizedgretaG_Converted_RGB.avif\"<br \/>\n    },<br \/>\n    \"description\": \"Turismo regenerativo en bicicleta en Catalunya. Rutas que miden impacto econ\u00f3mico, social, cultural y ambiental.\",<br \/>\n    \"areaServed\": {<br \/>\n      \"@type\": \"Place\",<br \/>\n      \"name\": \"Catalunya, Espa\u00f1a\",<br \/>\n      \"geo\": {<br \/>\n        \"@type\": \"GeoCoordinates\",<br \/>\n        \"latitude\": 41.3874,<br \/>\n        \"longitude\": 2.1686<br \/>\n      }<br \/>\n    },<br \/>\n    \"sameAs\": [<br \/>\n      \"https:\/\/www.instagram.com\/regenebike\/\",<br \/>\n      \"https:\/\/www.linkedin.com\/company\/regenebike\/\"<br \/>\n    ]<br \/>\n  },<br \/>\n  \"publisher\": {<br \/>\n    \"@type\": \"Organization\",<br \/>\n    \"name\": \"RegenEbike\",<br \/>\n    \"url\": \"https:\/\/regenebike.com\",<br \/>\n    \"logo\": {<br \/>\n      \"@type\": \"ImageObject\",<br \/>\n      \"url\": \"https:\/\/regenebike.com\/wp-content\/uploads\/2025\/10\/ReB_favicon-resizedgretaG_Converted_RGB.avif\"<br \/>\n    },<br \/>\n    \"description\": \"Turismo regenerativo en bicicleta en Catalunya. Rutas que miden impacto econ\u00f3mico, social, cultural y ambiental.\",<br \/>\n    \"areaServed\": {<br \/>\n      \"@type\": \"Place\",<br \/>\n      \"name\": \"Catalunya, Espa\u00f1a\",<br \/>\n      \"geo\": {<br \/>\n        \"@type\": \"GeoCoordinates\",<br \/>\n        \"latitude\": 41.3874,<br \/>\n        \"longitude\": 2.1686<br \/>\n      }<br \/>\n    },<br \/>\n    \"sameAs\": [<br \/>\n      \"https:\/\/www.instagram.com\/regenebike\/\",<br \/>\n      \"https:\/\/www.linkedin.com\/company\/regenebike\/\"<br \/>\n    ]<br \/>\n  },<br \/>\n  \"isPartOf\": {<br \/>\n    \"@type\": \"WebSite\",<br \/>\n    \"name\": \"RegenEbike\",<br \/>\n    \"url\": \"https:\/\/regenebike.com\"<br \/>\n  },<br \/>\n  \"keywords\": \"RegenEbike, Catalunya\"<br \/>\n}<br \/>\n<\/script><\/p>\n<p>El verano de 2023 dej\u00f3 una marca indeleble: r\u00e9cords de temperatura pulverizados, sequ\u00edas extremas y la sensaci\u00f3n palpable de que el cambio clim\u00e1tico ya no es una amenaza lejana, sino una realidad cotidiana. En este contexto, un dato llama la atenci\u00f3n: las b\u00fasquedas de destinos m\u00e1s frescos se dispararon un <a href=\"https:\/\/www.gstc.org\/trip-com-cooler-destinations-hotter-demand\/\">237%<\/a> este verano. \u00bfEstamos ante una nueva forma de turismo, impulsada por la necesidad de escapar del calor extremo? \u00bfY c\u00f3mo puede este fen\u00f3meno, aparentemente banal, convertirse en una herramienta para la acci\u00f3n clim\u00e1tica?<\/p>\n<p>Los expertos pronostican que 2026 ser\u00e1 uno de los a\u00f1os m\u00e1s calurosos jam\u00e1s registrados. Ante esta perspectiva, la b\u00fasqueda de \u00abcoolcations\u00bb \u2013vacaciones en destinos m\u00e1s frescos\u2013 se consolida como una tendencia al alza. Pero m\u00e1s all\u00e1 de la simple huida del calor, esta tendencia plantea una oportunidad para repensar el turismo desde una perspectiva regenerativa.<\/p>\n<p>La clave est\u00e1 en transformar esa b\u00fasqueda de alivio t\u00e9rmico en una oportunidad para reconectar con la naturaleza, apoyar a las comunidades locales y promover pr\u00e1cticas sostenibles. Catalu\u00f1a, con su diversidad de microclimas y paisajes, tiene un enorme potencial para posicionarse como un destino de \u00abcoolcations\u00bb regenerativas. No se trata simplemente de ofrecer alternativas a las playas masificadas, sino de dise\u00f1ar experiencias que contribuyan a la restauraci\u00f3n de los ecosistemas y al fortalecimiento de la econom\u00eda local.<\/p>\n<p>Lo que dicen los datos:<\/p>\n<ul>\n<li>El \u00e1rea metropolitana de Barcelona registr\u00f3 15.1\u00b0C hoy, mientras que los Pirineos catalanes marcaron 7.6\u00b0C.<\/li>\n<li>La calidad del aire (AQI) es id\u00e9ntica (134) en ambas zonas, pero la experiencia es radicalmente distinta.<\/li>\n<li>Un estudio reciente muestra que pasar tiempo en la naturaleza reduce el estr\u00e9s y mejora la salud mental.<\/li>\n<\/ul>\n<h3 id=\"planificacion-climatica-mas-alla-de-la-huella-de-carbono\">Planificaci\u00f3n clim\u00e1tica: M\u00e1s all\u00e1 de la huella de carbono<\/h3>\n<figure class=\"regenebike-inline-image\" style=\"margin: 2em 0; text-align: center;\"><img loading=\"lazy\" decoding=\"async\" class=\"alignnone  wp-image-1593\" src=\"https:\/\/regenebike.com\/wp-content\/uploads\/2026\/05\/Glories_01-300x169.avif\" alt=\"\" width=\"654\" height=\"369\" srcset=\"https:\/\/regenebike.com\/wp-content\/uploads\/2026\/05\/Glories_01-300x169.avif 300w, https:\/\/regenebike.com\/wp-content\/uploads\/2026\/05\/Glories_01-1024x576.avif 1024w, https:\/\/regenebike.com\/wp-content\/uploads\/2026\/05\/Glories_01-768x432.avif 768w, https:\/\/regenebike.com\/wp-content\/uploads\/2026\/05\/Glories_01-1536x864.avif 1536w, https:\/\/regenebike.com\/wp-content\/uploads\/2026\/05\/Glories_01-18x10.avif 18w, https:\/\/regenebike.com\/wp-content\/uploads\/2026\/05\/Glories_01.avif 1600w\" sizes=\"auto, (max-width: 654px) 100vw, 654px\" \/><\/figure>\n<p>Pero para que las \u00abcoolcations\u00bb se conviertan en una verdadera herramienta de acci\u00f3n clim\u00e1tica, es necesario ir m\u00e1s all\u00e1 de la simple oferta de destinos m\u00e1s frescos. Se requiere una planificaci\u00f3n clim\u00e1tica integral, que tenga en cuenta los riesgos espec\u00edficos de cada territorio y que involucre a las comunidades locales en la toma de decisiones.<\/p>\n<p>Un <a href=\"https:\/\/travel-forward.org\/hidden-climate-calculations-for-destinations\/\">estudio reciente<\/a> subraya la importancia de que los destinos identifiquen y confronten los riesgos clim\u00e1ticos que impactan en la inversi\u00f3n, la conectividad y los costos. Esto implica evaluar la vulnerabilidad de las infraestructuras tur\u00edsticas, la disponibilidad de recursos h\u00eddricos y el impacto del cambio clim\u00e1tico en la biodiversidad.<\/p>\n<p>En este sentido, la experiencia de Escocia, que ha desarrollado un <a href=\"https:\/\/travel-forward.org\/destination-climate-planning-in-practice\/\">Plan de Acci\u00f3n Clim\u00e1tica<\/a> a nivel local, puede servir de inspiraci\u00f3n. Este plan busca reducir las emisiones de gases de efecto invernadero, aumentar la resiliencia clim\u00e1tica y promover un turismo m\u00e1s sostenible.<\/p>\n<h3 id=\"unesco-un-faro-para-el-turismo-regenerativo\">UNESCO: Un faro para el turismo regenerativo<\/h3>\n<p>Los sitios designados por la UNESCO ofrecen un marco ideal para integrar la conservaci\u00f3n de la biodiversidad con el desarrollo sostenible. Estos lugares, reconocidos por su excepcional valor para la humanidad, abarcan una amplia gama de paisajes y enfoques, desde los sitios de Patrimonio Mundial hasta las Reservas de Biosfera y los Geoparques.<\/p>\n<p>Un <a href=\"https:\/\/www.unesco.org\/en\/articles\/people-and-nature-unesco-safeguarding-life-and-heritage\">informe de la UNESCO<\/a> destaca c\u00f3mo m\u00e1s de 2,260 sitios designados abarcan m\u00e1s de 13 millones de kil\u00f3metros cuadrados y sustentan a unos 900 millones de personas. Estos sitios demuestran c\u00f3mo las comunidades y la naturaleza pueden crecer, adaptarse y prosperar juntas durante siglos.<\/p>\n<p>Estos espacios, gestionados para salvaguardar su belleza natural, cultural y cient\u00edfica, pueden servir como catalizadores para un turismo que beneficie a las comunidades locales y al medio ambiente. La clave est\u00e1 en promover la participaci\u00f3n de las comunidades en la gesti\u00f3n del turismo, garantizando que los beneficios econ\u00f3micos se reinviertan en la conservaci\u00f3n de los recursos naturales y culturales.<\/p>\n<h3 id=\"la-metrica-ausente-el-bienestar-comunitario\">La m\u00e9trica ausente: El bienestar comunitario<\/h3>\n<figure class=\"regenebike-inline-image\" style=\"margin: 2em 0; text-align: center;\"><img decoding=\"async\" style=\"max-width: 100%; height: auto; border-radius: 8px;\" src=\"https:\/\/regenebike.com\/wp-content\/uploads\/2026\/04\/regenebike-m-trica-ausente-cycling.avif\" alt=\"a group of people riding bikes down a road\" \/><figcaption style=\"font-size: 0.85em; color: #666; margin-top: 0.5em;\">Photo by Tuvalum on Unsplash<\/figcaption><\/figure>\n<p>El turismo regenerativo debe ir m\u00e1s all\u00e1 de la simple reducci\u00f3n de la huella de carbono. Debe aspirar a generar un impacto positivo en las comunidades locales, fortaleciendo su econom\u00eda, preservando su cultura y mejorando su calidad de vida.<\/p>\n<p>Una m\u00e9trica clave en este sentido es el bienestar comunitario. \u00bfC\u00f3mo contribuye el turismo a mejorar la salud, la educaci\u00f3n, la vivienda y el acceso a los servicios b\u00e1sicos de las comunidades locales? \u00bfC\u00f3mo fortalece su identidad cultural y su capacidad de autogesti\u00f3n? Estas son preguntas fundamentales que deben guiar el dise\u00f1o y la implementaci\u00f3n de las pol\u00edticas tur\u00edsticas.<\/p>\n<p>Regenebike, por ejemplo, mide el impacto de sus rutas en la econom\u00eda comunitaria, rastreando los ingresos retenidos a nivel local, el apoyo a las cooperativas y la creaci\u00f3n de empleos justos. Tambi\u00e9n eval\u00faa la gobernanza participativa, asegurando que las comunidades tengan voz y voto en la gesti\u00f3n del turismo.<\/p>\n<p>En definitiva, la acci\u00f3n clim\u00e1tica en el turismo no se limita a reducir las emisiones de gases de efecto invernadero. Implica transformar el modelo tur\u00edstico, apostando por un enfoque regenerativo que beneficie tanto al medio ambiente como a las comunidades locales.<\/p>\n<p>Empieza esta semana: investiga qu\u00e9 organizaciones en tu comarca est\u00e1n trabajando en proyectos de restauraci\u00f3n ecol\u00f3gica y explora c\u00f3mo puedes apoyarles con tu tiempo o recursos.<\/p>\n<p>El calor aprieta, pero la oportunidad de actuar es a\u00fan mayor.<\/p>\n","protected":false},"excerpt":{"rendered":"<p>El verano de 2023 dej\u00f3 una marca indeleble: r\u00e9cords de temperatura pulverizados, sequ\u00edas extremas y la sensaci\u00f3n palpable de que el cambio clim\u00e1tico ya no es una amenaza lejana, sino una realidad&#8230;<\/p>","protected":false},"author":1,"featured_media":1518,"comment_status":"open","ping_status":"open","sticky":false,"template":"","format":"standard","meta":{"footnotes":""},"categories":[13],"tags":[],"class_list":["post-1519","post","type-post","status-publish","format-standard","has-post-thumbnail","hentry","category-blog-es"],"aioseo_notices":[],"_links":{"self":[{"href":"https:\/\/regenebike.com\/en\/wp-json\/wp\/v2\/posts\/1519","targetHints":{"allow":["GET"]}}],"collection":[{"href":"https:\/\/regenebike.com\/en\/wp-json\/wp\/v2\/posts"}],"about":[{"href":"https:\/\/regenebike.com\/en\/wp-json\/wp\/v2\/types\/post"}],"author":[{"embeddable":true,"href":"https:\/\/regenebike.com\/en\/wp-json\/wp\/v2\/users\/1"}],"replies":[{"embeddable":true,"href":"https:\/\/regenebike.com\/en\/wp-json\/wp\/v2\/comments?post=1519"}],"version-history":[{"count":3,"href":"https:\/\/regenebike.com\/en\/wp-json\/wp\/v2\/posts\/1519\/revisions"}],"predecessor-version":[{"id":1597,"href":"https:\/\/regenebike.com\/en\/wp-json\/wp\/v2\/posts\/1519\/revisions\/1597"}],"wp:featuredmedia":[{"embeddable":true,"href":"https:\/\/regenebike.com\/en\/wp-json\/wp\/v2\/media\/1518"}],"wp:attachment":[{"href":"https:\/\/regenebike.com\/en\/wp-json\/wp\/v2\/media?parent=1519"}],"wp:term":[{"taxonomy":"category","embeddable":true,"href":"https:\/\/regenebike.com\/en\/wp-json\/wp\/v2\/categories?post=1519"},{"taxonomy":"post_tag","embeddable":true,"href":"https:\/\/regenebike.com\/en\/wp-json\/wp\/v2\/tags?post=1519"}],"curies":[{"name":"wp","href":"https:\/\/api.w.org\/{rel}","templated":true}]}}